{"id":564,"date":"2026-01-26T00:48:35","date_gmt":"2026-01-25T23:48:35","guid":{"rendered":"https:\/\/fibredigitale.fr\/?p=564"},"modified":"2026-01-26T00:48:47","modified_gmt":"2026-01-25T23:48:47","slug":"des-robots-qui-sourient-linvasion-humanoide-commence","status":"publish","type":"post","link":"https:\/\/fibredigitale.fr\/?p=564","title":{"rendered":"Des robots qui SOURIENT : L\u2019invasion humano\u00efde commence"},"content":{"rendered":"\n<p>Ils marchent, ils rangent et ils commencent \u00e0 nous ressembler. Au CES, les robots de Realbotix et Nvidia ont montr\u00e9 des capacit\u00e9s d&rsquo;interaction troublantes. L&rsquo;objectif est de les introduire dans nos maisons d&rsquo;ici 3 \u00e0 5 ans pour les t\u00e2ches m\u00e9nag\u00e8res. <a href=\"https:\/\/edges.ideo.com\/emerging-wave-sessions\/ces-2025-highlights\" target=\"_blank\" rel=\"noreferrer noopener\">Analyse du futur des humano\u00efdes au CES<\/a>.<\/p>\n\n\n\n<p><\/p>\n","protected":false},"excerpt":{"rendered":"<p>Ils marchent, ils rangent et ils commencent \u00e0 nous ressembler. Au CES, les robots de Realbotix et Nvidia ont montr\u00e9 des capacit\u00e9s d&rsquo;interaction troublantes. L&rsquo;objectif est de les introduire dans nos maisons d&rsquo;ici 3 \u00e0 5 ans pour les t\u00e2ches m\u00e9nag\u00e8res. Analyse du futur des humano\u00efdes au CES.<\/p>\n","protected":false},"author":1,"featured_media":0,"comment_status":"open","ping_status":"open","sticky":false,"template":"","format":"standard","meta":{"footnotes":""},"categories":[9,8,14,15],"tags":[],"class_list":["post-564","post","type-post","status-publish","format-standard","hentry","category-domotique","category-intelligence-artificielle","category-objets-connectes","category-robotique"],"_links":{"self":[{"href":"https:\/\/fibredigitale.fr\/index.php?rest_route=\/wp\/v2\/posts\/564","targetHints":{"allow":["GET"]}}],"collection":[{"href":"https:\/\/fibredigitale.fr\/index.php?rest_route=\/wp\/v2\/posts"}],"about":[{"href":"https:\/\/fibredigitale.fr\/index.php?rest_route=\/wp\/v2\/types\/post"}],"author":[{"embeddable":true,"href":"https:\/\/fibredigitale.fr\/index.php?rest_route=\/wp\/v2\/users\/1"}],"replies":[{"embeddable":true,"href":"https:\/\/fibredigitale.fr\/index.php?rest_route=%2Fwp%2Fv2%2Fcomments&post=564"}],"version-history":[{"count":2,"href":"https:\/\/fibredigitale.fr\/index.php?rest_route=\/wp\/v2\/posts\/564\/revisions"}],"predecessor-version":[{"id":566,"href":"https:\/\/fibredigitale.fr\/index.php?rest_route=\/wp\/v2\/posts\/564\/revisions\/566"}],"wp:attachment":[{"href":"https:\/\/fibredigitale.fr\/index.php?rest_route=%2Fwp%2Fv2%2Fmedia&parent=564"}],"wp:term":[{"taxonomy":"category","embeddable":true,"href":"https:\/\/fibredigitale.fr\/index.php?rest_route=%2Fwp%2Fv2%2Fcategories&post=564"},{"taxonomy":"post_tag","embeddable":true,"href":"https:\/\/fibredigitale.fr\/index.php?rest_route=%2Fwp%2Fv2%2Ftags&post=564"}],"curies":[{"name":"wp","href":"https:\/\/api.w.org\/{rel}","templated":true}]}}