{"id":559,"date":"2026-01-26T00:45:19","date_gmt":"2026-01-25T23:45:19","guid":{"rendered":"https:\/\/fibredigitale.fr\/?p=559"},"modified":"2026-01-26T00:46:35","modified_gmt":"2026-01-25T23:46:35","slug":"110-pouces-soleil-direct-la-tv-qui-explose-votre-salon","status":"publish","type":"post","link":"https:\/\/fibredigitale.fr\/?p=559","title":{"rendered":"110 POUCES + Soleil direct : La TV qui explose votre salon"},"content":{"rendered":"\n<p>Hisense d\u00e9barque avec un \u00e9cran de <strong>110 pouces<\/strong> capable de briller plus fort que le soleil. De son c\u00f4t\u00e9, Samsung propose enfin le \u00ab\u00a0z\u00e9ro c\u00e2ble\u00a0\u00bb avec des \u00e9crans qui se fixent comme des aimants. Le son 3D est d\u00e9sormais directement int\u00e9gr\u00e9 dans la dalle. <a href=\"https:\/\/www.theverge.com\/2025\/1\/4\/24307731\/ces-2025-tvs-gaming-smart-home-wearables-news\" target=\"_blank\" rel=\"noreferrer noopener\">Toutes les annonces TV du CES d\u00e9taill\u00e9es ici<\/a>.<\/p>\n","protected":false},"excerpt":{"rendered":"<p>Hisense d\u00e9barque avec un \u00e9cran de 110 pouces capable de briller plus fort que le soleil. De son c\u00f4t\u00e9, Samsung propose enfin le \u00ab\u00a0z\u00e9ro c\u00e2ble\u00a0\u00bb avec des \u00e9crans qui se fixent comme des aimants. Le son 3D est d\u00e9sormais directement int\u00e9gr\u00e9 dans la dalle. Toutes les annonces TV du CES d\u00e9taill\u00e9es ici.<\/p>\n","protected":false},"author":1,"featured_media":0,"comment_status":"open","ping_status":"open","sticky":false,"template":"","format":"standard","meta":{"footnotes":""},"categories":[1,14],"tags":[],"class_list":["post-559","post","type-post","status-publish","format-standard","hentry","category-non-classe","category-objets-connectes"],"_links":{"self":[{"href":"https:\/\/fibredigitale.fr\/index.php?rest_route=\/wp\/v2\/posts\/559","targetHints":{"allow":["GET"]}}],"collection":[{"href":"https:\/\/fibredigitale.fr\/index.php?rest_route=\/wp\/v2\/posts"}],"about":[{"href":"https:\/\/fibredigitale.fr\/index.php?rest_route=\/wp\/v2\/types\/post"}],"author":[{"embeddable":true,"href":"https:\/\/fibredigitale.fr\/index.php?rest_route=\/wp\/v2\/users\/1"}],"replies":[{"embeddable":true,"href":"https:\/\/fibredigitale.fr\/index.php?rest_route=%2Fwp%2Fv2%2Fcomments&post=559"}],"version-history":[{"count":1,"href":"https:\/\/fibredigitale.fr\/index.php?rest_route=\/wp\/v2\/posts\/559\/revisions"}],"predecessor-version":[{"id":560,"href":"https:\/\/fibredigitale.fr\/index.php?rest_route=\/wp\/v2\/posts\/559\/revisions\/560"}],"wp:attachment":[{"href":"https:\/\/fibredigitale.fr\/index.php?rest_route=%2Fwp%2Fv2%2Fmedia&parent=559"}],"wp:term":[{"taxonomy":"category","embeddable":true,"href":"https:\/\/fibredigitale.fr\/index.php?rest_route=%2Fwp%2Fv2%2Fcategories&post=559"},{"taxonomy":"post_tag","embeddable":true,"href":"https:\/\/fibredigitale.fr\/index.php?rest_route=%2Fwp%2Fv2%2Ftags&post=559"}],"curies":[{"name":"wp","href":"https:\/\/api.w.org\/{rel}","templated":true}]}}