{"id":541,"date":"2025-06-12T01:08:52","date_gmt":"2025-06-11T23:08:52","guid":{"rendered":"https:\/\/fibredigitale.fr\/?p=541"},"modified":"2025-06-12T01:10:55","modified_gmt":"2025-06-11T23:10:55","slug":"risc-v-une-solution-strategique-pour-reduire-la-dependance-technologique-americaine-dans-les-telecoms","status":"publish","type":"post","link":"https:\/\/fibredigitale.fr\/?p=541","title":{"rendered":"RISC-V : une solution strat\u00e9gique pour r\u00e9duire la d\u00e9pendance technologique am\u00e9ricaine dans les t\u00e9l\u00e9coms ?"},"content":{"rendered":"\n<h3 class=\"wp-block-heading\"><strong>Pr\u00e9ambule<\/strong><\/h3>\n\n\n\n<p>En lisant un article dans le magazine <em>Programmez.com<\/em>, j\u2019ai d\u00e9couvert l\u2019architecture RISC-V. Ce sujet m\u2019a interpell\u00e9 car il touche \u00e0 des enjeux cl\u00e9s pour l\u2019avenir technologique de nos soci\u00e9t\u00e9s : <strong>souverainet\u00e9 num\u00e9rique, cybers\u00e9curit\u00e9<\/strong>, et <strong>ind\u00e9pendance vis-\u00e0-vis des grandes puissances technologiques<\/strong>.<br>Ce qui semblait au d\u00e9part \u00eatre une innovation technique s\u2019est r\u00e9v\u00e9l\u00e9 \u00eatre <strong>un levier strat\u00e9gique majeur<\/strong>, notamment dans les t\u00e9l\u00e9coms. Voici pourquoi.<\/p>\n\n\n\n<hr class=\"wp-block-separator has-alpha-channel-opacity\"\/>\n\n\n\n<h3 class=\"wp-block-heading\">\ud83d\udcc9 Une d\u00e9pendance structurelle \u00e0 l\u2019architecture am\u00e9ricaine<\/h3>\n\n\n\n<p>Aujourd\u2019hui, la majorit\u00e9 des \u00e9quipements t\u00e9l\u00e9coms \u2013 des routeurs jusqu\u2019aux antennes 5G \u2013 utilisent des processeurs dont l\u2019architecture est contr\u00f4l\u00e9e par des entreprises am\u00e9ricaines (Intel, AMD, Qualcomm) ou sous influence am\u00e9ricaine (ARM).<br>Cela pose plusieurs probl\u00e8mes :<\/p>\n\n\n\n<ul class=\"wp-block-list\">\n<li><strong>Risque de sanctions ou restrictions d\u2019exportation<\/strong> (comme l\u2019a v\u00e9cu Huawei),<\/li>\n\n\n\n<li><strong>Co\u00fbt \u00e9lev\u00e9<\/strong> des licences et royalties sur les architectures propri\u00e9taires,<\/li>\n\n\n\n<li><strong>Manque de contr\u00f4le<\/strong> sur le mat\u00e9riel de base, ce qui peut affecter la cybers\u00e9curit\u00e9 et la personnalisation.<\/li>\n<\/ul>\n\n\n\n<p>Dans ce contexte, les gouvernements et les entreprises cherchent des solutions pour <strong>s\u2019affranchir de cette d\u00e9pendance strat\u00e9gique<\/strong>.<\/p>\n\n\n\n<hr class=\"wp-block-separator has-alpha-channel-opacity\"\/>\n\n\n\n<h3 class=\"wp-block-heading\">\ud83e\udde9 RISC-V : l\u2019alternative ouverte<\/h3>\n\n\n\n<p>RISC-V est une <strong>architecture de processeur libre de droits<\/strong>, n\u00e9e en 2010 \u00e0 l\u2019Universit\u00e9 de Berkeley. Contrairement \u00e0 ARM ou x86, elle est <strong>ouverte, gratuite et modifiable<\/strong>. Son d\u00e9veloppement est coordonn\u00e9 par l\u2019organisation ind\u00e9pendante <strong>RISC-V International<\/strong>, bas\u00e9e en Suisse, \u00e0 l\u2019abri des contraintes extraterritoriales am\u00e9ricaines.<\/p>\n\n\n\n<p>RISC-V pr\u00e9sente plusieurs <strong>atouts majeurs<\/strong> :<\/p>\n\n\n\n<ul class=\"wp-block-list\">\n<li><strong>Pas de licence<\/strong> : usage libre par tous, y compris pour les applications critiques.<\/li>\n\n\n\n<li><strong>Architecture modulaire<\/strong> : permet de concevoir des puces sur mesure pour les besoins t\u00e9l\u00e9coms.<\/li>\n\n\n\n<li><strong>Transparence<\/strong> : le code source est auditable, un atout en cybers\u00e9curit\u00e9.<\/li>\n\n\n\n<li><strong>Ind\u00e9pendance politique<\/strong> : aucun acteur unique ne contr\u00f4le son \u00e9volution.<\/li>\n<\/ul>\n\n\n\n<hr class=\"wp-block-separator has-alpha-channel-opacity\"\/>\n\n\n\n<h3 class=\"wp-block-heading\">\ud83d\udce1 Applications dans les t\u00e9l\u00e9coms<\/h3>\n\n\n\n<p>RISC-V est d\u00e9j\u00e0 utilis\u00e9 ou en phase d\u2019exp\u00e9rimentation dans plusieurs domaines t\u00e9l\u00e9coms :<\/p>\n\n\n\n<ul class=\"wp-block-list\">\n<li><strong>Stations de base 5G\/6G<\/strong> : traitement du signal, intelligence r\u00e9seau, r\u00e9duction de la latence.<\/li>\n\n\n\n<li><strong>Edge computing<\/strong> : mini-serveurs proches des antennes pour traiter localement les donn\u00e9es.<\/li>\n\n\n\n<li><strong>Modems, routeurs, \u00e9quipements r\u00e9seau embarqu\u00e9s<\/strong> : plus grande ma\u00eetrise et \u00e9conomies de co\u00fbts.<\/li>\n<\/ul>\n\n\n\n<p>Des g\u00e9ants comme <strong>Alibaba<\/strong>, <strong>Esperanto Technologies<\/strong> ou <strong>Western Digital<\/strong> l\u2019utilisent d\u00e9j\u00e0 dans des produits li\u00e9s au stockage, \u00e0 l\u2019IA ou aux syst\u00e8mes embarqu\u00e9s.<\/p>\n\n\n\n<hr class=\"wp-block-separator has-alpha-channel-opacity\"\/>\n\n\n\n<h3 class=\"wp-block-heading\">\ud83c\uddea\ud83c\uddfa Une opportunit\u00e9 strat\u00e9gique pour l\u2019Europe<\/h3>\n\n\n\n<p>L\u2019Union europ\u00e9enne a compris l\u2019enjeu. En 2023, la Commission a allou\u00e9 <strong>270 millions d\u2019euros<\/strong> pour le d\u00e9veloppement de processeurs bas\u00e9s sur RISC-V, dans le cadre de sa strat\u00e9gie pour l\u2019<strong>autonomie technologique<\/strong>.<br>L\u2019id\u00e9e : cr\u00e9er un <strong>\u00e9cosyst\u00e8me mat\u00e9riel et logiciel souverain<\/strong>, capable de rivaliser avec les solutions venues des \u00c9tats-Unis ou d\u2019Asie, notamment pour les infrastructures critiques.<\/p>\n\n\n\n<p>En France, des laboratoires comme le <strong>CEA<\/strong> travaillent d\u00e9j\u00e0 sur des impl\u00e9mentations RISC-V adapt\u00e9es aux usages industriels et t\u00e9l\u00e9coms.<\/p>\n\n\n\n<hr class=\"wp-block-separator has-alpha-channel-opacity\"\/>\n\n\n\n<h3 class=\"wp-block-heading\">Quels freins \u00e0 lever ?<\/h3>\n\n\n\n<p>RISC-V n\u2019est pas encore une solution universelle. Il reste quelques d\u00e9fis \u00e0 relever :<\/p>\n\n\n\n<ul class=\"wp-block-list\">\n<li><strong>\u00c9cosyst\u00e8me logiciel incomplet<\/strong> (encore peu de compatibilit\u00e9 avec certains OS ou outils pro),<\/li>\n\n\n\n<li><strong>Manque de standardisation dans certaines extensions<\/strong>,<\/li>\n\n\n\n<li><strong>Besoin de mont\u00e9e en puissance sur les performances tr\u00e8s haut de gamme<\/strong>.<\/li>\n<\/ul>\n\n\n\n<p>Mais l\u2019\u00e9volution est rapide, gr\u00e2ce \u00e0 une communaut\u00e9 internationale active et des investissements croissants.<\/p>\n\n\n\n<hr class=\"wp-block-separator has-alpha-channel-opacity\"\/>\n\n\n\n<h3 class=\"wp-block-heading\">\u2705 Conclusion<\/h3>\n\n\n\n<p>RISC-V offre une <strong>voie cr\u00e9dible, concr\u00e8te et ouverte<\/strong> pour r\u00e9duire la d\u00e9pendance technologique aux architectures am\u00e9ricaines dans les t\u00e9l\u00e9coms.<br>C\u2019est une opportunit\u00e9 strat\u00e9gique pour les \u00c9tats, les industriels et les op\u00e9rateurs de <strong>reprendre la main sur leur mat\u00e9riel<\/strong>, de favoriser l\u2019innovation locale et de renforcer la s\u00e9curit\u00e9 des infrastructures.<\/p>\n\n\n\n<p>Dans un monde de plus en plus fragment\u00e9, <strong>l\u2019ouverture est une force<\/strong>. Et RISC-V en est le symbole.<\/p>\n","protected":false},"excerpt":{"rendered":"<p>Pr\u00e9ambule En lisant un article dans le magazine Programmez.com, j\u2019ai d\u00e9couvert l\u2019architecture RISC-V. Ce sujet m\u2019a interpell\u00e9 car il touche \u00e0 des enjeux cl\u00e9s pour l\u2019avenir technologique de nos soci\u00e9t\u00e9s : souverainet\u00e9 num\u00e9rique, cybers\u00e9curit\u00e9, et ind\u00e9pendance vis-\u00e0-vis des grandes puissances technologiques.Ce qui semblait au d\u00e9part \u00eatre une innovation technique s\u2019est r\u00e9v\u00e9l\u00e9 \u00eatre un levier strat\u00e9gique &hellip; <a href=\"https:\/\/fibredigitale.fr\/?p=541\" class=\"more-link\">Continuer la lecture<span class=\"screen-reader-text\"> de &laquo;&nbsp;RISC-V : une solution strat\u00e9gique pour r\u00e9duire la d\u00e9pendance technologique am\u00e9ricaine dans les t\u00e9l\u00e9coms ?&nbsp;&raquo;<\/span><\/a><\/p>\n","protected":false},"author":1,"featured_media":0,"comment_status":"open","ping_status":"open","sticky":false,"template":"","format":"standard","meta":{"footnotes":""},"categories":[17,12],"tags":[],"class_list":["post-541","post","type-post","status-publish","format-standard","hentry","category-telecom","category-vie-privee"],"_links":{"self":[{"href":"https:\/\/fibredigitale.fr\/index.php?rest_route=\/wp\/v2\/posts\/541","targetHints":{"allow":["GET"]}}],"collection":[{"href":"https:\/\/fibredigitale.fr\/index.php?rest_route=\/wp\/v2\/posts"}],"about":[{"href":"https:\/\/fibredigitale.fr\/index.php?rest_route=\/wp\/v2\/types\/post"}],"author":[{"embeddable":true,"href":"https:\/\/fibredigitale.fr\/index.php?rest_route=\/wp\/v2\/users\/1"}],"replies":[{"embeddable":true,"href":"https:\/\/fibredigitale.fr\/index.php?rest_route=%2Fwp%2Fv2%2Fcomments&post=541"}],"version-history":[{"count":2,"href":"https:\/\/fibredigitale.fr\/index.php?rest_route=\/wp\/v2\/posts\/541\/revisions"}],"predecessor-version":[{"id":543,"href":"https:\/\/fibredigitale.fr\/index.php?rest_route=\/wp\/v2\/posts\/541\/revisions\/543"}],"wp:attachment":[{"href":"https:\/\/fibredigitale.fr\/index.php?rest_route=%2Fwp%2Fv2%2Fmedia&parent=541"}],"wp:term":[{"taxonomy":"category","embeddable":true,"href":"https:\/\/fibredigitale.fr\/index.php?rest_route=%2Fwp%2Fv2%2Fcategories&post=541"},{"taxonomy":"post_tag","embeddable":true,"href":"https:\/\/fibredigitale.fr\/index.php?rest_route=%2Fwp%2Fv2%2Ftags&post=541"}],"curies":[{"name":"wp","href":"https:\/\/api.w.org\/{rel}","templated":true}]}}