{"id":538,"date":"2025-06-12T00:25:34","date_gmt":"2025-06-11T22:25:34","guid":{"rendered":"https:\/\/fibredigitale.fr\/?p=538"},"modified":"2025-06-12T00:26:54","modified_gmt":"2025-06-11T22:26:54","slug":"dependance-numerique-vers-un-sursaut-europeen-inevitable","status":"publish","type":"post","link":"https:\/\/fibredigitale.fr\/?p=538","title":{"rendered":"D\u00e9pendance num\u00e9rique : vers un sursaut europ\u00e9en in\u00e9vitable ?"},"content":{"rendered":"\n<p>Chaque jour, sans m\u00eame y penser, nous utilisons des services num\u00e9riques h\u00e9berg\u00e9s \u00e0 des milliers de kilom\u00e8tres, souvent aux \u00c9tats-Unis. Qu\u2019il s\u2019agisse de messageries, d\u2019outils bureautiques ou de solutions cloud, notre d\u00e9pendance technologique vis-\u00e0-vis des g\u00e9ants am\u00e9ricains \u2013 les fameux GAFAM \u2013 est massive. Mais \u00e0 quel prix pour l\u2019Europe ? Et surtout, avons-nous encore le choix ?<\/p>\n\n\n\n<h3 class=\"wp-block-heading\">\ud83d\udcb6 Un co\u00fbt \u00e9conomique et strat\u00e9gique colossal<\/h3>\n\n\n\n<p>D\u2019apr\u00e8s une \u00e9tude du cabinet Aster\u00e8s r\u00e9alis\u00e9e pour le Cigref, cette d\u00e9pendance co\u00fbterait chaque ann\u00e9e pr\u00e8s de <strong>264 milliards d\u2019euros \u00e0 l\u2019Europe<\/strong>. Si l\u2019Union europ\u00e9enne parvenait \u00e0 rapatrier seulement 15 % des services cloud aujourd\u2019hui externalis\u00e9s vers les \u00c9tats-Unis, ce serait l\u2019\u00e9quivalent de <strong>463 000 emplois suppl\u00e9mentaires<\/strong> dans l\u2019UE d\u2019ici 2035.<\/p>\n\n\n\n<p>Derri\u00e8re ces chiffres se cache une r\u00e9alit\u00e9 plus large : les b\u00e9n\u00e9fices \u00e9conomiques et strat\u00e9giques li\u00e9s \u00e0 l\u2019usage massif des services num\u00e9riques profitent aux \u00c9tats-Unis bien plus qu\u2019\u00e0 l\u2019Europe.<\/p>\n\n\n\n<h3 class=\"wp-block-heading\">\ud83d\udd10 Un constat connu, mais toujours pr\u00e9occupant<\/h3>\n\n\n\n<p>Le R\u00e8glement G\u00e9n\u00e9ral sur la Protection des Donn\u00e9es (RGPD), instaur\u00e9 en 2016, a tent\u00e9 de poser les bases d\u2019une souverainet\u00e9 num\u00e9rique europ\u00e9enne. Pourtant, des lois am\u00e9ricaines comme le <strong>Cloud Act<\/strong> ou le <strong>FISA 702<\/strong> continuent d\u2019autoriser les autorit\u00e9s am\u00e9ricaines \u00e0 acc\u00e9der aux donn\u00e9es h\u00e9berg\u00e9es par des entreprises sous juridiction am\u00e9ricaine, m\u00eame si ces donn\u00e9es concernent des citoyens europ\u00e9ens.<\/p>\n\n\n\n<p>Autrement dit, h\u00e9berger nos donn\u00e9es dans des solutions am\u00e9ricaines signifie souvent perdre le contr\u00f4le juridique sur leur confidentialit\u00e9.<\/p>\n\n\n\n<h3 class=\"wp-block-heading\">\u2601\ufe0f Le cloud, un angle mort strat\u00e9gique<\/h3>\n\n\n\n<p>Aujourd\u2019hui, une grande partie des outils num\u00e9riques utilis\u00e9s en Europe \u2013 notamment en entreprise \u2013 reposent sur des solutions venues d\u2019outre-Atlantique. En 2023, par exemple, <strong>Office 365 \u00e9tait utilis\u00e9 par 79 % des entreprises fran\u00e7aises<\/strong>. Microsoft Azure, Google Workspace ou AWS sont tout aussi pr\u00e9sents.<\/p>\n\n\n\n<p>Si ces outils sont pl\u00e9biscit\u00e9s pour leur efficacit\u00e9 et leur int\u00e9gration, ils posent un vrai probl\u00e8me en termes de souverainet\u00e9. Plus cette d\u00e9pendance s\u2019ancre, plus il devient difficile d\u2019en sortir, tant les usages sont enracin\u00e9s.<\/p>\n\n\n\n<h3 class=\"wp-block-heading\">\ud83c\udf0d Une \u00ab d\u00e9gafamisation \u00bb en marche ?<\/h3>\n\n\n\n<p>Face \u00e0 cette situation, des signaux encourageants apparaissent. De plus en plus d\u2019acteurs publics et priv\u00e9s cherchent \u00e0 <strong>diversifier leurs outils<\/strong> et \u00e0 <strong>se tourner vers des solutions alternatives europ\u00e9ennes<\/strong> :<\/p>\n\n\n\n<ul class=\"wp-block-list\">\n<li><strong>OVHcloud<\/strong> pour l\u2019h\u00e9bergement,<\/li>\n\n\n\n<li><strong>ProtonMail<\/strong> ou <strong>Tutanota<\/strong> pour les emails s\u00e9curis\u00e9s,<\/li>\n\n\n\n<li><strong>Nextcloud<\/strong> pour le travail collaboratif.<\/li>\n<\/ul>\n\n\n\n<p>Cette r\u00e9orientation vise \u00e0 retrouver une forme de contr\u00f4le, mais aussi \u00e0 renforcer une fili\u00e8re num\u00e9rique locale capable de rivaliser sur la qualit\u00e9, la s\u00e9curit\u00e9 et l\u2019\u00e9thique des donn\u00e9es.<\/p>\n\n\n\n<h3 class=\"wp-block-heading\">\ud83e\udd14 Quelle voie pour demain ?<\/h3>\n\n\n\n<p>La vraie question n\u2019est pas seulement technologique. Elle est politique, \u00e9conomique et soci\u00e9tale :<br><strong>Souhaitons-nous reprendre la main sur nos donn\u00e9es, sur notre avenir num\u00e9rique ?<\/strong><\/p>\n\n\n\n<p>Il ne s\u2019agit pas de rejeter les technologies \u00e9trang\u00e8res, mais de <strong>mieux \u00e9quilibrer nos choix<\/strong>.<br>Retrouver une autonomie num\u00e9rique n\u2019est pas un luxe, mais une n\u00e9cessit\u00e9 strat\u00e9gique pour l\u2019Europe.<br><\/p>\n","protected":false},"excerpt":{"rendered":"<p>Chaque jour, sans m\u00eame y penser, nous utilisons des services num\u00e9riques h\u00e9berg\u00e9s \u00e0 des milliers de kilom\u00e8tres, souvent aux \u00c9tats-Unis. Qu\u2019il s\u2019agisse de messageries, d\u2019outils bureautiques ou de solutions cloud, notre d\u00e9pendance technologique vis-\u00e0-vis des g\u00e9ants am\u00e9ricains \u2013 les fameux GAFAM \u2013 est massive. Mais \u00e0 quel prix pour l\u2019Europe ? Et surtout, avons-nous encore &hellip; <a href=\"https:\/\/fibredigitale.fr\/?p=538\" class=\"more-link\">Continuer la lecture<span class=\"screen-reader-text\"> de &laquo;&nbsp;D\u00e9pendance num\u00e9rique : vers un sursaut europ\u00e9en in\u00e9vitable ?&nbsp;&raquo;<\/span><\/a><\/p>\n","protected":false},"author":1,"featured_media":0,"comment_status":"open","ping_status":"open","sticky":false,"template":"","format":"standard","meta":{"footnotes":""},"categories":[12],"tags":[],"class_list":["post-538","post","type-post","status-publish","format-standard","hentry","category-vie-privee"],"_links":{"self":[{"href":"https:\/\/fibredigitale.fr\/index.php?rest_route=\/wp\/v2\/posts\/538","targetHints":{"allow":["GET"]}}],"collection":[{"href":"https:\/\/fibredigitale.fr\/index.php?rest_route=\/wp\/v2\/posts"}],"about":[{"href":"https:\/\/fibredigitale.fr\/index.php?rest_route=\/wp\/v2\/types\/post"}],"author":[{"embeddable":true,"href":"https:\/\/fibredigitale.fr\/index.php?rest_route=\/wp\/v2\/users\/1"}],"replies":[{"embeddable":true,"href":"https:\/\/fibredigitale.fr\/index.php?rest_route=%2Fwp%2Fv2%2Fcomments&post=538"}],"version-history":[{"count":1,"href":"https:\/\/fibredigitale.fr\/index.php?rest_route=\/wp\/v2\/posts\/538\/revisions"}],"predecessor-version":[{"id":539,"href":"https:\/\/fibredigitale.fr\/index.php?rest_route=\/wp\/v2\/posts\/538\/revisions\/539"}],"wp:attachment":[{"href":"https:\/\/fibredigitale.fr\/index.php?rest_route=%2Fwp%2Fv2%2Fmedia&parent=538"}],"wp:term":[{"taxonomy":"category","embeddable":true,"href":"https:\/\/fibredigitale.fr\/index.php?rest_route=%2Fwp%2Fv2%2Fcategories&post=538"},{"taxonomy":"post_tag","embeddable":true,"href":"https:\/\/fibredigitale.fr\/index.php?rest_route=%2Fwp%2Fv2%2Ftags&post=538"}],"curies":[{"name":"wp","href":"https:\/\/api.w.org\/{rel}","templated":true}]}}