{"id":531,"date":"2025-05-28T17:49:56","date_gmt":"2025-05-28T15:49:56","guid":{"rendered":"https:\/\/fibredigitale.fr\/?p=531"},"modified":"2025-05-28T18:08:34","modified_gmt":"2025-05-28T16:08:34","slug":"meta-lia-et-vos-donnees-comment-tenter-de-se-desinscrire","status":"publish","type":"post","link":"https:\/\/fibredigitale.fr\/?p=531","title":{"rendered":"L&rsquo;IA de Facebook &amp; Instagram pioche dans VOS donn\u00e9es ? Reprenez la main (et vite) !"},"content":{"rendered":"\n<p>Petit point rapide sur un sujet important : Meta (Facebook, Instagram, etc.) utilise nos donn\u00e9es pour entra\u00eener ses Intelligences Artificielles (IA).<\/p>\n\n\n\n<p><strong>En bref :<\/strong><\/p>\n\n\n\n<ul class=\"wp-block-list\">\n<li><strong>Quoi ?<\/strong> Vos publications publiques, photos, commentaires sur Facebook et Instagram peuvent \u00eatre utilis\u00e9s pour \u00ab\u00a0nourrir\u00a0\u00bb et am\u00e9liorer les IA de Meta.<\/li>\n\n\n\n<li><strong>Pourquoi ?<\/strong> Pour rendre leurs IA plus performantes, cr\u00e9er de nouvelles fonctionnalit\u00e9s, etc.<\/li>\n\n\n\n<li><strong>Le hic ?<\/strong> \u00c7a concerne votre vie priv\u00e9e et l&rsquo;utilisation de vos informations personnelles, m\u00eame celles que vous avez partag\u00e9es publiquement.<\/li>\n<\/ul>\n\n\n\n<p><strong>Comment limiter l&rsquo;utilisation de vos donn\u00e9es pour l&rsquo;IA de Meta (se d\u00e9sinscrire \/ opt-out) ?<\/strong><\/p>\n\n\n\n<p>Meta a (enfin !) mis en place des formulaires pour que les utilisateurs, notamment en Europe gr\u00e2ce au RGPD, puissent s&rsquo;opposer \u00e0 l&rsquo;utilisation de leurs informations pour l&rsquo;entra\u00eenement de certains de leurs mod\u00e8les d&rsquo;IA.<\/p>\n\n\n\n<p>Voici la d\u00e9marche g\u00e9n\u00e9rale (les interfaces peuvent l\u00e9g\u00e8rement \u00e9voluer) :<\/p>\n\n\n\n<ol class=\"wp-block-list\">\n<li><strong>Acc\u00e9dez aux formulaires d\u00e9di\u00e9s :<\/strong>\n<ul class=\"wp-block-list\">\n<li>Le plus simple est souvent de rechercher sur Google :\n<ul class=\"wp-block-list\">\n<li>Pour <strong>Facebook<\/strong> : \u00ab\u00a0formulaire opposition donn\u00e9es IA Facebook Meta\u00a0\u00bb<\/li>\n\n\n\n<li>Pour <strong>Instagram<\/strong> : \u00ab\u00a0formulaire opposition donn\u00e9es IA Instagram Meta\u00a0\u00bb<\/li>\n<\/ul>\n<\/li>\n\n\n\n<li>Vous devriez tomber sur des pages du \u00ab\u00a0Centre d&rsquo;aide\u00a0\u00bb de Meta intitul\u00e9es par exemple \u00ab\u00a0G\u00e9rer vos informations utilis\u00e9es pour l\u2019IA g\u00e9n\u00e9rative\u00a0\u00bb ou \u00ab\u00a0Exercer votre droit d\u2019opposition\u00a0\u00bb.<\/li>\n<\/ul>\n<\/li>\n\n\n\n<li><strong>Remplissez le formulaire :<\/strong>\n<ul class=\"wp-block-list\">\n<li>Il vous sera g\u00e9n\u00e9ralement demand\u00e9 d&rsquo;expliquer pourquoi vous vous opposez \u00e0 cette utilisation (invoquez votre droit \u00e0 la vie priv\u00e9e, le contr\u00f4le de vos donn\u00e9es personnelles).<\/li>\n\n\n\n<li>Vous devrez fournir votre adresse e-mail et parfois d&rsquo;autres informations pour identifier votre compte.<\/li>\n\n\n\n<li><strong>Important :<\/strong> Vous devrez peut-\u00eatre faire la d\u00e9marche s\u00e9par\u00e9ment pour votre compte Facebook et votre compte Instagram si vous en avez plusieurs.<\/li>\n<\/ul>\n<\/li>\n\n\n\n<li><strong>Soyez patient et pr\u00e9cis :<\/strong>\n<ul class=\"wp-block-list\">\n<li>Meta examinera votre demande. L&rsquo;acceptation n&rsquo;est pas toujours garantie ou imm\u00e9diate, mais c&rsquo;est votre droit de le demander.<\/li>\n\n\n\n<li>Conservez une copie de votre demande.<\/li>\n<\/ul>\n<\/li>\n<\/ol>\n\n\n\n<p><strong>Quelques conseils suppl\u00e9mentaires :<\/strong><\/p>\n\n\n\n<ul class=\"wp-block-list\">\n<li><strong>V\u00e9rifiez vos param\u00e8tres de confidentialit\u00e9<\/strong> r\u00e9guli\u00e8rement sur Facebook et Instagram. Limitez la visibilit\u00e9 de vos posts au maximum (amis seulement).<\/li>\n\n\n\n<li><strong>R\u00e9fl\u00e9chissez avant de publier :<\/strong> Demandez-vous si vous seriez \u00e0 l&rsquo;aise que cette info soit utilis\u00e9e par une IA.<\/li>\n<\/ul>\n\n\n\n<p>C&rsquo;est une d\u00e9marche proactive importante pour garder un minimum de contr\u00f4le sur vos donn\u00e9es. N&rsquo;h\u00e9sitez pas \u00e0 en parler autour de vous !<\/p>\n\n\n\n<p><\/p>\n","protected":false},"excerpt":{"rendered":"<p>Petit point rapide sur un sujet important : Meta (Facebook, Instagram, etc.) utilise nos donn\u00e9es pour entra\u00eener ses Intelligences Artificielles (IA). En bref : Comment limiter l&rsquo;utilisation de vos donn\u00e9es pour l&rsquo;IA de Meta (se d\u00e9sinscrire \/ opt-out) ? Meta a (enfin !) mis en place des formulaires pour que les utilisateurs, notamment en Europe &hellip; <a href=\"https:\/\/fibredigitale.fr\/?p=531\" class=\"more-link\">Continuer la lecture<span class=\"screen-reader-text\"> de &laquo;&nbsp;L&rsquo;IA de Facebook &amp; Instagram pioche dans VOS donn\u00e9es ? Reprenez la main (et vite) !&nbsp;&raquo;<\/span><\/a><\/p>\n","protected":false},"author":1,"featured_media":0,"comment_status":"open","ping_status":"open","sticky":false,"template":"","format":"standard","meta":{"footnotes":""},"categories":[8,12],"tags":[],"class_list":["post-531","post","type-post","status-publish","format-standard","hentry","category-intelligence-artificielle","category-vie-privee"],"_links":{"self":[{"href":"https:\/\/fibredigitale.fr\/index.php?rest_route=\/wp\/v2\/posts\/531","targetHints":{"allow":["GET"]}}],"collection":[{"href":"https:\/\/fibredigitale.fr\/index.php?rest_route=\/wp\/v2\/posts"}],"about":[{"href":"https:\/\/fibredigitale.fr\/index.php?rest_route=\/wp\/v2\/types\/post"}],"author":[{"embeddable":true,"href":"https:\/\/fibredigitale.fr\/index.php?rest_route=\/wp\/v2\/users\/1"}],"replies":[{"embeddable":true,"href":"https:\/\/fibredigitale.fr\/index.php?rest_route=%2Fwp%2Fv2%2Fcomments&post=531"}],"version-history":[{"count":4,"href":"https:\/\/fibredigitale.fr\/index.php?rest_route=\/wp\/v2\/posts\/531\/revisions"}],"predecessor-version":[{"id":535,"href":"https:\/\/fibredigitale.fr\/index.php?rest_route=\/wp\/v2\/posts\/531\/revisions\/535"}],"wp:attachment":[{"href":"https:\/\/fibredigitale.fr\/index.php?rest_route=%2Fwp%2Fv2%2Fmedia&parent=531"}],"wp:term":[{"taxonomy":"category","embeddable":true,"href":"https:\/\/fibredigitale.fr\/index.php?rest_route=%2Fwp%2Fv2%2Fcategories&post=531"},{"taxonomy":"post_tag","embeddable":true,"href":"https:\/\/fibredigitale.fr\/index.php?rest_route=%2Fwp%2Fv2%2Ftags&post=531"}],"curies":[{"name":"wp","href":"https:\/\/api.w.org\/{rel}","templated":true}]}}