{"id":267,"date":"2025-02-13T23:33:52","date_gmt":"2025-02-13T22:33:52","guid":{"rendered":"https:\/\/fibredigitale.fr\/?p=267"},"modified":"2025-02-15T19:20:55","modified_gmt":"2025-02-15T18:20:55","slug":"11-fevrier-2025-sommet-de-lia","status":"publish","type":"post","link":"https:\/\/fibredigitale.fr\/?p=267","title":{"rendered":"11 f\u00e9vrier 2025 : Sommet de L&rsquo;IA"},"content":{"rendered":"\n<h1 class=\"wp-block-heading\">Sommet pour l&rsquo;action sur l&rsquo;IA : Un tournant dans la gouvernance mondiale de l&rsquo;IA ?<\/h1>\n\n\n\n<p>Le Sommet pour l&rsquo;action sur l&rsquo;IA, co-organis\u00e9 par la France et l&rsquo;Inde, s&rsquo;est tenu au Grand Palais \u00e0 Paris les 10 et 11 f\u00e9vrier 2025. Cet \u00e9v\u00e9nement majeur a rassembl\u00e9 des chefs d&rsquo;\u00c9tat et de gouvernement, des dirigeants d&rsquo;organisations internationales, des PDG de grandes et petites entreprises, des repr\u00e9sentants du monde universitaire, des ONG, des artistes et des membres de la soci\u00e9t\u00e9 civile <sup>1<\/sup>. L&rsquo;objectif ? Discuter des implications de l&rsquo;intelligence artificielle (IA) pour l&rsquo;avenir et d\u00e9finir un cadre pour son d\u00e9veloppement responsable.<\/p>\n\n\n\n<h2 class=\"wp-block-heading\">Un changement de cap<\/h2>\n\n\n\n<p>Contrairement aux pr\u00e9c\u00e9dents sommets sur l&rsquo;IA \u00e0 Bletchley Park (Royaume-Uni &#8211; novembre 2023) et \u00e0 S\u00e9oul (Cor\u00e9e du Sud &#8211; mai 2024), qui mettaient l&rsquo;accent sur la s\u00e9curit\u00e9 et la r\u00e9glementation, le sommet de Paris a adopt\u00e9 une approche plus pragmatique <sup>2<\/sup>. Ces sommets pr\u00e9c\u00e9dents ont jet\u00e9 les bases de la coop\u00e9ration internationale en mati\u00e8re de s\u00e9curit\u00e9 de l&rsquo;IA, mais Paris a marqu\u00e9 un tournant en se concentrant sur l&rsquo;innovation, l&rsquo;impact \u00e9conomique et l&rsquo;int\u00e9r\u00eat public.<\/p>\n\n\n\n<p>Ce changement de cap refl\u00e8te une volont\u00e9 de passer des risques th\u00e9oriques \u00e0 long terme aux implications concr\u00e8tes de l&rsquo;IA, notamment en mati\u00e8re d&#8217;emplois, d&rsquo;\u00e9conomies et de soci\u00e9t\u00e9s <sup>4<\/sup>. Le vice-pr\u00e9sident am\u00e9ricain, JD Vance, a illustr\u00e9 ce changement de perspective en critiquant l&rsquo;approche ax\u00e9e sur la s\u00e9curit\u00e9 au profit d&rsquo;une approche favorisant l&rsquo;opportunit\u00e9 <sup>5<\/sup>. Il a soutenu que les appels \u00e0 une r\u00e9glementation stricte servent souvent les int\u00e9r\u00eats des g\u00e9ants de la technologie plut\u00f4t que ceux du public.<\/p>\n\n\n\n<h2 class=\"wp-block-heading\">Les grands th\u00e8mes du sommet<\/h2>\n\n\n\n<p>Le sommet s&rsquo;est articul\u00e9 autour de cinq th\u00e8mes principaux <sup>1<\/sup>:<\/p>\n\n\n\n<ul class=\"wp-block-list\">\n<li><strong>IA d&rsquo;int\u00e9r\u00eat public:<\/strong> Comment l&rsquo;IA peut-elle \u00eatre utilis\u00e9e pour r\u00e9pondre aux d\u00e9fis soci\u00e9taux, tels que l&rsquo;am\u00e9lioration des soins de sant\u00e9, l&rsquo;acc\u00e8s \u00e0 l&rsquo;\u00e9ducation et la protection de l&rsquo;environnement <sup>7<\/sup>? Des exemples concrets d&rsquo;applications de l&rsquo;IA dans ces domaines ont \u00e9t\u00e9 pr\u00e9sent\u00e9s, soulignant le potentiel de l&rsquo;IA \u00e0 am\u00e9liorer le bien-\u00eatre des citoyens.<\/li>\n\n\n\n<li><strong>Avenir du travail:<\/strong> L&rsquo;IA transformera le march\u00e9 du travail, cr\u00e9ant de nouveaux emplois tout en en rendant d&rsquo;autres obsol\u00e8tes. Le sommet a explor\u00e9 les moyens de pr\u00e9parer les travailleurs \u00e0 cette nouvelle r\u00e9alit\u00e9 et de garantir une transition juste<sup>5<\/sup>.<\/li>\n\n\n\n<li><strong>Innovation et culture:<\/strong> L&rsquo;IA peut stimuler l&rsquo;innovation et enrichir la vie culturelle. Le sommet a encourag\u00e9 l&rsquo;exploration du potentiel cr\u00e9atif de l&rsquo;IA et son utilisation pour promouvoir la diversit\u00e9 culturelle.<\/li>\n\n\n\n<li><strong>Confiance dans l&rsquo;IA:<\/strong> Pour que l&rsquo;IA soit largement adopt\u00e9e, il est essentiel d&rsquo;instaurer la confiance du public. Le sommet a mis l&rsquo;accent sur la n\u00e9cessit\u00e9 de garantir la s\u00e9curit\u00e9, la transparence et l&rsquo;\u00e9thique de l&rsquo;IA.<\/li>\n\n\n\n<li><strong>Gouvernance mondiale de l&rsquo;IA:<\/strong> Face aux d\u00e9fis pos\u00e9s par l&rsquo;IA, une gouvernance internationale efficace est indispensable. Le sommet a appel\u00e9 \u00e0 une coop\u00e9ration multilat\u00e9rale et multipartite, impliquant les gouvernements, les organisations internationales, le secteur priv\u00e9 et la soci\u00e9t\u00e9 civile<sup>4<\/sup>. Le r\u00f4le du Partenariat mondial sur l&rsquo;intelligence artificielle (PMIA) et de l&rsquo;OCDE dans l&rsquo;\u00e9laboration de normes pour un d\u00e9veloppement responsable de l&rsquo;IA a \u00e9t\u00e9 soulign\u00e9<sup>8<\/sup>.<\/li>\n<\/ul>\n\n\n\n<h2 class=\"wp-block-heading\">Souverainet\u00e9 et coop\u00e9ration internationale<\/h2>\n\n\n\n<p>Le sommet de Paris a mis en avant la notion de \u00ab\u00a0souverainet\u00e9 de l&rsquo;IA\u00a0\u00bb, encourageant les nations \u00e0 d\u00e9velopper des strat\u00e9gies en mati\u00e8re d&rsquo;IA align\u00e9es sur leurs propres cadres, plut\u00f4t que d&rsquo;adh\u00e9rer \u00e0 un mod\u00e8le r\u00e9glementaire universel <sup>4<\/sup>.<\/p>\n\n\n\n<p>Cette approche soul\u00e8ve des questions importantes quant \u00e0 l&rsquo;\u00e9quilibre entre la souverainet\u00e9 nationale et la coop\u00e9ration internationale. D&rsquo;un c\u00f4t\u00e9, elle permet aux pays de d\u00e9finir des r\u00e8gles adapt\u00e9es \u00e0 leurs contextes sp\u00e9cifiques et de prot\u00e9ger leurs int\u00e9r\u00eats. De l&rsquo;autre, elle risque de cr\u00e9er une fragmentation du paysage r\u00e9glementaire et de freiner l&rsquo;innovation en limitant la collaboration et les \u00e9changes<sup>9<\/sup>.<\/p>\n\n\n\n<p>Malgr\u00e9 ces divergences d&rsquo;approches, le sommet a r\u00e9affirm\u00e9 l&rsquo;importance de la coop\u00e9ration internationale pour un d\u00e9veloppement responsable de l&rsquo;IA. La d\u00e9claration finale, sign\u00e9e par plus de 60 pays (dont la France, l&rsquo;Inde et l&rsquo;Allemagne, mais pas les \u00c9tats-Unis ni le Royaume-Uni, dont le Premier ministre a choisi de ne pas participer \u00e0 l&rsquo;\u00e9v\u00e9nement) <sup>2<\/sup>, appelle \u00e0 une gouvernance multilat\u00e9rale et multipartite de l&rsquo;IA <sup>4<\/sup>.<\/p>\n\n\n\n<h2 class=\"wp-block-heading\">Investissements massifs dans l&rsquo;IA<\/h2>\n\n\n\n<p>L&rsquo;un des points forts du sommet a \u00e9t\u00e9 l&rsquo;annonce d&rsquo;investissements massifs dans l&rsquo;IA. L&rsquo;Union europ\u00e9enne, par le biais de son initiative Invest AI, s&rsquo;est engag\u00e9e \u00e0 allouer 100 milliards d&rsquo;euros \u00e0 l&rsquo;investissement dans l&rsquo;IA. La France, quant \u00e0 elle, investira 109 milliards d&rsquo;euros. <sup>7<\/sup> D&rsquo;autres acteurs majeurs ont \u00e9galement annonc\u00e9 des contributions importantes, notamment :<\/p>\n\n\n\n<figure class=\"wp-block-table\"><table class=\"has-fixed-layout\"><tbody><tr><th>Investisseur<\/th><th>Montant de l&rsquo;investissement<\/th><th>Domaine d&rsquo;int\u00e9r\u00eat<\/th><\/tr><tr><td>Brookfield (Canada)<\/td><td>20 milliards d&rsquo;euros<\/td><td>Non sp\u00e9cifi\u00e9<\/td><\/tr><tr><td>\u00c9mirats arabes unis<\/td><td>jusqu&rsquo;\u00e0 50 milliards d&rsquo;euros<\/td><td>Non sp\u00e9cifi\u00e9<\/td><\/tr><tr><td>Amazon<\/td><td>plus de 1,2 milliard d&rsquo;euros<\/td><td>Infrastructure cloud pour l&rsquo;IA<\/td><\/tr><tr><td>Apollo Global Management<\/td><td>5 milliards de dollars<\/td><td>Innovations \u00e9nerg\u00e9tiques li\u00e9es \u00e0 l&rsquo;IA<\/td><\/tr><tr><td>Fluidstack<\/td><td>10 milliards d&rsquo;euros (initialement)<\/td><td>Supercalculateur d&rsquo;IA aliment\u00e9 par l&rsquo;\u00e9nergie nucl\u00e9aire fran\u00e7aise<\/td><\/tr><tr><td>Mistral AI<\/td><td>Non sp\u00e9cifi\u00e9<\/td><td>D\u00e9veloppement du plus grand supercalculateur d&rsquo;IA d&rsquo;Europe<\/td><\/tr><\/tbody><\/table><\/figure>\n\n\n\n<p>Ces investissements massifs pourraient profond\u00e9ment influencer l&rsquo;avenir du d\u00e9veloppement de l&rsquo;IA et la concurrence dans ce domaine<sup>9<\/sup>. En fournissant des ressources financi\u00e8res et des infrastructures de pointe, ils permettront aux entreprises et aux chercheurs d&rsquo;acc\u00e9l\u00e9rer l&rsquo;innovation et de d\u00e9ployer des applications d&rsquo;IA \u00e0 grande \u00e9chelle<sup>7<\/sup>.<\/p>\n\n\n\n<h2 class=\"wp-block-heading\">IA pour le bien public et l&rsquo;inclusion<\/h2>\n\n\n\n<p>Le sommet a aussi mis l&rsquo;accent sur l'\u00a0\u00bbIA pour le bien public\u00a0\u00bb, c&rsquo;est-\u00e0-dire une IA qui serve la soci\u00e9t\u00e9 et favorise l&rsquo;innovation, m\u00eame lorsqu&rsquo;elle ne correspond pas aux objectifs commerciaux \u00e0 court terme <sup>11<\/sup>.<\/p>\n\n\n\n<p>Dans cette optique, le sommet a vu le lancement d&rsquo;une Plateforme et d&rsquo;un Incubateur pour l&rsquo;IA d&rsquo;int\u00e9r\u00eat public <sup>12<\/sup>. Cette initiative vise \u00e0 soutenir le d\u00e9veloppement de l&rsquo;IA open source, \u00e0 lutter contre la fragmentation des efforts et \u00e0 promouvoir l&rsquo;acc\u00e8s \u00e0 l&rsquo;IA pour tous.<\/p>\n\n\n\n<p>L&rsquo;inclusion a \u00e9t\u00e9 un th\u00e8me central du sommet, avec un appel \u00e0 un acc\u00e8s plus large aux infrastructures d&rsquo;IA afin de r\u00e9duire la fracture num\u00e9rique <sup>13<\/sup>. L&rsquo;objectif est de d\u00e9mocratiser l&rsquo;acc\u00e8s \u00e0 la technologie de l&rsquo;IA et de garantir que ses b\u00e9n\u00e9fices profitent \u00e0 tous, et pas seulement \u00e0 une \u00e9lite<sup>8<\/sup>. Un cadre clair pour l&rsquo;acc\u00e8s aux donn\u00e9es est \u00e9galement n\u00e9cessaire pour favoriser le d\u00e9veloppement de l&rsquo;IA et garantir son utilisation responsable<sup>8<\/sup>.<\/p>\n\n\n\n<h2 class=\"wp-block-heading\">IA et durabilit\u00e9<\/h2>\n\n\n\n<p>Le sommet a consacr\u00e9 une partie de ses discussions \u00e0 la question de l&rsquo;IA et de l&rsquo;\u00e9nergie <sup>12<\/sup>. Les participants ont soulign\u00e9 l&rsquo;importance de d\u00e9velopper des syst\u00e8mes d&rsquo;IA durables, \u00e0 la fois en termes de consommation d&rsquo;\u00e9nergie et d&rsquo;impact environnemental. Le sommet a \u00e9galement appel\u00e9 \u00e0 une discussion internationale sur l&rsquo;IA et l&rsquo;environnement, afin de mieux comprendre les enjeux et de trouver des solutions pour un d\u00e9veloppement durable de l&rsquo;IA.<\/p>\n\n\n\n<h2 class=\"wp-block-heading\">Risques et d\u00e9fis de l&rsquo;IA<\/h2>\n\n\n\n<p>Malgr\u00e9 son potentiel immense, l&rsquo;IA pr\u00e9sente \u00e9galement des risques et des d\u00e9fis. Le sommet a abord\u00e9 les pr\u00e9occupations concernant la criminalit\u00e9 li\u00e9e \u00e0 l&rsquo;IA, notamment la cybercriminalit\u00e9 organis\u00e9e et la guerre hybride parrain\u00e9e par des \u00c9tats <sup>14<\/sup>. L&rsquo;utilisation de l&rsquo;IA par des r\u00e9gimes autoritaires pour surveiller et manipuler leurs populations a \u00e9galement \u00e9t\u00e9 soulev\u00e9e.<\/p>\n\n\n\n<h2 class=\"wp-block-heading\">Le r\u00f4le de l&rsquo;Europe dans le d\u00e9veloppement de l&rsquo;IA<\/h2>\n\n\n\n<p>Le sommet a permis de mettre en lumi\u00e8re le r\u00f4le de l&rsquo;Europe dans le d\u00e9veloppement de l&rsquo;IA. L&rsquo;accent a \u00e9t\u00e9 mis sur l&rsquo;adoption de l&rsquo;IA dans des applications complexes, en utilisant les donn\u00e9es industrielles et manufacturi\u00e8res uniques de l&rsquo;Europe <sup>7<\/sup>. La Commission europ\u00e9enne a pr\u00e9sent\u00e9 sa vision d&rsquo;une \u00ab\u00a0IA europ\u00e9enne\u00a0\u00bb coop\u00e9rative, ouverte et ax\u00e9e sur l&rsquo;innovation<sup>7<\/sup>. L&rsquo;IA open source a \u00e9t\u00e9 pr\u00e9sent\u00e9e comme un \u00e9l\u00e9ment cl\u00e9 de cette strat\u00e9gie, permettant une diffusion plus rapide de la technologie et une plus grande transparence<sup>7<\/sup>.<\/p>\n\n\n\n<h2 class=\"wp-block-heading\">Conclusion<\/h2>\n\n\n\n<p>Le Sommet pour l&rsquo;action sur l&rsquo;IA a marqu\u00e9 un tournant dans la gouvernance mondiale de l&rsquo;IA. En r\u00e9orientant le d\u00e9bat des risques hypoth\u00e9tiques vers les implications concr\u00e8tes de l&rsquo;IA, il a ouvert la voie \u00e0 une approche plus inclusive et pragmatique. L&rsquo;accent mis sur l&rsquo;innovation, l&rsquo;investissement et le bien public, ainsi que la reconnaissance de la souverainet\u00e9 de l&rsquo;IA, t\u00e9moignent d&rsquo;une nouvelle \u00e8re dans la gouvernance de l&rsquo;IA.<\/p>\n\n\n\n<p>Cependant, des d\u00e9fis importants persistent, notamment la n\u00e9cessit\u00e9 de trouver un \u00e9quilibre entre souverainet\u00e9 nationale et coop\u00e9ration internationale, de garantir l&rsquo;inclusion et la durabilit\u00e9, et de pr\u00e9venir les risques li\u00e9s \u00e0 l&rsquo;utilisation malveillante de l&rsquo;IA. Le succ\u00e8s de cette nouvelle approche d\u00e9pendra de la capacit\u00e9 des diff\u00e9rents acteurs \u00e0 collaborer et \u00e0 trouver des solutions concr\u00e8tes pour un d\u00e9veloppement responsable de l&rsquo;IA, au service de l&rsquo;humanit\u00e9.<\/p>\n\n\n\n<h2 class=\"wp-block-heading\">Liens utiles<\/h2>\n\n\n\n<ul class=\"wp-block-list\">\n<li>Site web officiel du sommet : <a href=\"https:\/\/www.elysee.fr\/en\/sommet-pour-l-action-sur-l-ia\" target=\"_blank\" rel=\"noreferrer noopener\">https:\/\/www.elysee.fr\/en\/sommet-pour-l-action-sur-l-ia<\/a><\/li>\n<\/ul>\n\n\n\n<h2 class=\"wp-block-heading\">Couverture m\u00e9diatique<\/h2>\n\n\n\n<ul class=\"wp-block-list\">\n<li>Politico: <a href=\"https:\/\/www.politico.eu\/article\/ai-action-summit-france-paris-macron-vance-modi-artificial-intelligence-technology\/\" target=\"_blank\" rel=\"noreferrer noopener\">https:\/\/www.politico.eu\/article\/ai-action-summit-france-paris-macron-vance-modi-artificial-intelligence-technology\/<\/a><\/li>\n\n\n\n<li>Digital Watch Observatory: <a href=\"https:\/\/dig.watch\/updates\/paris-ai-action-summit-shifts-focus-to-innovation-employment-and-public-good-in-ai-governance\" target=\"_blank\" rel=\"noreferrer noopener\">https:\/\/dig.watch\/updates\/paris-ai-action-summit-shifts-focus-to-innovation-employment-and-public-good-in-ai-governance<\/a><\/li>\n\n\n\n<li>Minist\u00e8re de l&rsquo;Europe et des Affaires \u00e9trang\u00e8res: <a href=\"https:\/\/www.diplomatie.gouv.fr\/en\/french-foreign-policy\/digital-diplomacy\/news\/article\/ai-action-summit-ensuring-the-development-of-trusted-safe-and-secure-ai-to\" target=\"_blank\" rel=\"noreferrer noopener\">https:\/\/www.diplomatie.gouv.fr\/en\/french-foreign-policy\/digital-diplomacy\/news\/article\/ai-action-summit-ensuring-the-development-of-trusted-safe-and-secure-ai-to<\/a><\/li>\n<\/ul>\n\n\n\n<h2 class=\"wp-block-heading\">Blogs<\/h2>\n\n\n\n<ul class=\"wp-block-list\">\n<li>DiploFoundation: <a href=\"https:\/\/www.diplomacy.edu\/blog\/the-paris-ai-summit-a-diplomatic-failure-or-a-strategic-success\/\" target=\"_blank\" rel=\"noreferrer noopener\">https:\/\/www.diplomacy.edu\/blog\/the-paris-ai-summit-a-diplomatic-failure-or-a-strategic-success\/<\/a><\/li>\n\n\n\n<li>Mozilla: <a href=\"https:\/\/blog.mozilla.org\/en\/mozilla\/paris-summit\/\" target=\"_blank\" rel=\"noreferrer noopener\">https:\/\/blog.mozilla.org\/en\/mozilla\/paris-summit\/<\/a><\/li>\n\n\n\n<li>CloudFactory: <a href=\"https:\/\/www.cloudfactory.com\/blog\/ai-action-summit\" target=\"_blank\" rel=\"noreferrer noopener\">https:\/\/www.cloudfactory.com\/blog\/ai-action-summit<\/a><\/li>\n\n\n\n<li>Forrester: <a href=\"https:\/\/www.forrester.com\/blogs\/the-ai-action-summit-in-france-maintaining-the-dialogue-on-global-ai-regulation\/\" target=\"_blank\" rel=\"noreferrer noopener\">https:\/\/www.forrester.com\/blogs\/the-ai-action-summit-in-france-maintaining-the-dialogue-on-global-ai-regulation\/<\/a><\/li>\n<\/ul>\n","protected":false},"excerpt":{"rendered":"<p>Sommet pour l&rsquo;action sur l&rsquo;IA : Un tournant dans la gouvernance mondiale de l&rsquo;IA ? Le Sommet pour l&rsquo;action sur l&rsquo;IA, co-organis\u00e9 par la France et l&rsquo;Inde, s&rsquo;est tenu au Grand Palais \u00e0 Paris les 10 et 11 f\u00e9vrier 2025. Cet \u00e9v\u00e9nement majeur a rassembl\u00e9 des chefs d&rsquo;\u00c9tat et de gouvernement, des dirigeants d&rsquo;organisations internationales, &hellip; <a href=\"https:\/\/fibredigitale.fr\/?p=267\" class=\"more-link\">Continuer la lecture<span class=\"screen-reader-text\"> de &laquo;&nbsp;11 f\u00e9vrier 2025 : Sommet de L&rsquo;IA&nbsp;&raquo;<\/span><\/a><\/p>\n","protected":false},"author":1,"featured_media":268,"comment_status":"open","ping_status":"open","sticky":false,"template":"","format":"standard","meta":{"footnotes":""},"categories":[8],"tags":[],"class_list":["post-267","post","type-post","status-publish","format-standard","has-post-thumbnail","hentry","category-intelligence-artificielle"],"_links":{"self":[{"href":"https:\/\/fibredigitale.fr\/index.php?rest_route=\/wp\/v2\/posts\/267","targetHints":{"allow":["GET"]}}],"collection":[{"href":"https:\/\/fibredigitale.fr\/index.php?rest_route=\/wp\/v2\/posts"}],"about":[{"href":"https:\/\/fibredigitale.fr\/index.php?rest_route=\/wp\/v2\/types\/post"}],"author":[{"embeddable":true,"href":"https:\/\/fibredigitale.fr\/index.php?rest_route=\/wp\/v2\/users\/1"}],"replies":[{"embeddable":true,"href":"https:\/\/fibredigitale.fr\/index.php?rest_route=%2Fwp%2Fv2%2Fcomments&post=267"}],"version-history":[{"count":1,"href":"https:\/\/fibredigitale.fr\/index.php?rest_route=\/wp\/v2\/posts\/267\/revisions"}],"predecessor-version":[{"id":269,"href":"https:\/\/fibredigitale.fr\/index.php?rest_route=\/wp\/v2\/posts\/267\/revisions\/269"}],"wp:featuredmedia":[{"embeddable":true,"href":"https:\/\/fibredigitale.fr\/index.php?rest_route=\/wp\/v2\/media\/268"}],"wp:attachment":[{"href":"https:\/\/fibredigitale.fr\/index.php?rest_route=%2Fwp%2Fv2%2Fmedia&parent=267"}],"wp:term":[{"taxonomy":"category","embeddable":true,"href":"https:\/\/fibredigitale.fr\/index.php?rest_route=%2Fwp%2Fv2%2Fcategories&post=267"},{"taxonomy":"post_tag","embeddable":true,"href":"https:\/\/fibredigitale.fr\/index.php?rest_route=%2Fwp%2Fv2%2Ftags&post=267"}],"curies":[{"name":"wp","href":"https:\/\/api.w.org\/{rel}","templated":true}]}}